{"id":2272,"date":"2021-11-20T11:26:13","date_gmt":"2021-11-20T08:26:13","guid":{"rendered":"https:\/\/adiloglu.com.tr\/?p=2272"},"modified":"2021-11-20T12:34:02","modified_gmt":"2021-11-20T09:34:02","slug":"adiloglu-grup-yildirimi-donusturuyor","status":"publish","type":"post","link":"https:\/\/adiloglu.com.tr\/en\/2021\/11\/20\/adiloglu-grup-yildirimi-donusturuyor\/","title":{"rendered":"Adilo\u011flu Grup Y\u0131ld\u0131r\u0131m\u2019\u0131 d\u00f6n\u00fc\u015ft\u00fcr\u00fcyor"},"content":{"rendered":"<div class=\"wp-block-columns are-vertically-aligned-center is-layout-flex wp-container-core-columns-is-layout-9d6595d7 wp-block-columns-is-layout-flex\">\n<div class=\"wp-block-column is-vertically-aligned-center is-layout-flow wp-block-column-is-layout-flow\" style=\"flex-basis:100%\">\n<div class=\"wp-block-group\"><div class=\"wp-block-group__inner-container is-layout-flow wp-block-group-is-layout-flow\">\n<div class=\"wp-block-buttons is-content-justification-center is-layout-flex wp-block-buttons-is-layout-flex\">\n<div class=\"wp-block-button\"><a class=\"wp-block-button__link\" href=\"\/wp-content\/uploads\/2021\/11\/WhatsApp-Image-2021-11-16-at-12.07.15.jpeg\">EKO HABER TAM SAYFA<\/a><\/div>\n<\/div>\n<\/div><\/div>\n<\/div>\n<\/div>\n\n\n\n<p>\u0130n\u015faat sekt\u00f6r\u00fcnde 25. y\u0131la yakla\u015fan tecr\u00fcbesiyle,&nbsp;<strong>Y\u0131ld\u0131r\u0131m<\/strong>&nbsp;il\u00e7esinde \u00f6nemli projeleri hayata ge\u00e7iren&nbsp;<strong>Adilo\u011flu Grup<\/strong>&nbsp;\u015firketlerinden&nbsp;<strong>Ba\u015folhan \u0130n\u015faat<\/strong>, sa\u011flad\u0131\u011f\u0131 g\u00fcvenle emin ad\u0131mlarla gelece\u011fe y\u00fcr\u00fcyor. K\u00fc\u00e7\u00fck ya\u015flardan itibaren ticaretin i\u00e7inde olan ve gen\u00e7 ya\u015flarda firma i\u00e7erisinde \u00f6nemli g\u00f6revlerde bulunan Adilo\u011flu Grup ve Ba\u015folhan \u0130n\u015faat Y\u00f6netim Kurulu Ba\u015fkan\u0131 Muhammet Adilo\u011flu, 5 erkek karde\u015fi ile birlikte t\u00fcm g\u00fcc\u00fcn\u00fc ve enerjisini firman\u0131n geli\u015fimine harc\u0131yor. A grubu m\u00fcteahhit s\u0131n\u0131f\u0131nda yer ald\u0131klar\u0131n\u0131 ifade eden Muhammet Adilo\u011flu, \u201cBug\u00fcne kadar 30\u2019a yak\u0131n nitelikli proje tamamlad\u0131k. 2000\u2019den fazla konut ile 100 civar\u0131 ticari d\u00fckk\u00e2n\u0131 m\u00fc\u015fterilerimize teslim ettik. 675 arsa sahibine kar\u015f\u0131 taahh\u00fcd\u00fcm\u00fcz\u00fc yerine getirdik. Bu \u015fehrin ve bu b\u00f6lgenin d\u00f6n\u00fc\u015f\u00fcm\u00fcne nas\u0131l katk\u0131 sa\u011flar\u0131z diye \u00e7ok \u00e7al\u0131\u015ft\u0131k, bu hedefle \u00e7\u0131kt\u0131\u011f\u0131m\u0131z yolda \u015fu ana kadar bir ba\u015far\u0131 hik\u00e2yesi yazd\u0131\u011f\u0131m\u0131z\u0131 d\u00fc\u015f\u00fcn\u00fcyoruz\u201d diye konu\u015ftu.<\/p>\n\n\n\n<p><strong>\u201cY\u0131ld\u0131r\u0131m\u2019da kentsel&nbsp;d\u00f6n\u00fc\u015f\u00fcm daha kolay\u201d<\/strong><br>&nbsp;\u2018Y\u0131ld\u0131r\u0131m il\u00e7esinde&nbsp;<strong>kentsel d\u00f6n\u00fc\u015f\u00fcm<\/strong>&nbsp;yapmak zordur\u2019 alg\u0131s\u0131n\u0131n aksine olduk\u00e7a kolay oldu\u011funu belirten Adilo\u011flu, \u201c\u00c7\u00fcnk\u00fc Y\u0131ld\u0131r\u0131m\u2019\u0131n kentsel d\u00f6n\u00fc\u015f\u00fcme \u00e7ok ciddi ihtiyac\u0131 var ve vatanda\u015f da art\u0131k bunun bilincinde. Dolay\u0131s\u0131yla Y\u0131ld\u0131r\u0131m\u2019da ya\u015fayan insanlar\u0131 kentsel d\u00f6n\u00fc\u015f\u00fcme ikna etmek daha kolay olabiliyor. Bunun kamu aya\u011f\u0131nda da belediyeler \u00e7ok ciddi destekler veriyor. Belediyenin ve vatanda\u015f\u0131n bu yakla\u015f\u0131m\u0131, bizlere de yapt\u0131\u011f\u0131m\u0131z ve yapaca\u011f\u0131m\u0131z projelerde b\u00fcy\u00fck bir \u00f6zg\u00fcven ve kolayl\u0131k sa\u011fl\u0131yor\u201d dedi.<\/p>\n\n\n\n<p><strong>\u201cYeni projemizde&nbsp; 900 hissedarla&nbsp;muhatab\u0131z\u201d<\/strong><br>Son projelerinden de bahseden Adilo\u011flu, \u201cYak\u0131n zamanda lansmana \u00e7\u0131kmay\u0131 hedefledi\u011fimiz Sinandede 3. Etap kentsel d\u00f6n\u00fc\u015f\u00fcm \u00e7al\u0131\u015fmam\u0131z, 500 daireli bir proje. Bu yerde yakla\u015f\u0131k 900 hissedarla muhatab\u0131z. Ara\u015ft\u0131rmalar\u0131m\u0131za g\u00f6re T\u00fcrkiye\u2019de bu kadar \u00e7ok hissedar\u0131n oldu\u011fu bir b\u00f6lgede d\u00f6n\u00fc\u015f\u00fcm yapan ba\u015fka bir firma yok. Kentsel d\u00f6n\u00fc\u015f\u00fcmler sayesinde 400 ki\u015finin n\u00fcfus bilgileri d\u00fczeltiliyor, adres kay\u0131tlar\u0131 d\u00fczenleniyor, aile i\u00e7inde bar\u0131\u015fmalar bile yap\u0131yoruz, \u00e7ok ciddi bir emek var\u201d ifadelerini kulland\u0131. Baz\u0131 m\u00fcteahhitlerin d\u00f6n\u00fc\u015f\u00fcm i\u00e7in hissedar\u0131n fazla oldu\u011fu yerlere girmeye \u00e7ekindiklerini belirten Adilo\u011flu \u015funlar\u0131 s\u00f6yledi: \u201cBiz hissedar\u0131n fazla oldu\u011fu yerlerde kentsel d\u00f6n\u00fc\u015f\u00fcm\u00fcn daha kolay \u00e7\u00f6z\u00fcme kavu\u015faca\u011f\u0131na inan\u0131yoruz. \u00c7\u00fcnk\u00fc b\u00f6yle b\u00fcy\u00fck parsellerde herkesin \u00e7ok k\u00fc\u00e7\u00fck hissesi oluyor. Bu yerler, b\u00fcy\u00fcklerinden kalm\u0131\u015f, neredeyse unutulmu\u015f k\u00fc\u00e7\u00fck metrekareler. \u0130nsanlar, miras\u0131n b\u00f6l\u00fcnmesinden dolay\u0131 d\u00fc\u015fen bu k\u00fc\u00e7\u00fck parselleri, bir an \u00f6nce elden \u00e7\u0131karmaya bak\u0131yor, anla\u015fma s\u00fcrecinde \u00e7ok fazla zorluk \u00e7\u0131karm\u0131yorlar. Biz t\u00fcm firmalara bu b\u00f6lgelere girmelerini \u00f6neriyoruz. \u00d6rne\u011fin 7 bin m2 alanda 471 hissedarla s\u00f6zle\u015fme imzalayarak bir kentsel d\u00f6n\u00fc\u015f\u00fcm\u00fc bitirdik. Kentsel d\u00f6n\u00fc\u015f\u00fcme \u00e7ok farkl\u0131 bak\u0131yoruz. \u2018Sanatsal D\u00f6n\u00fc\u015f\u00fcm\u2019\u00fc \u00f6nemsiyoruz. Y\u0131ld\u0131r\u0131m Belediyemiz ile s\u00fcrekli isti\u015fare halinde hareket ediyoruz. Amac\u0131m\u0131z sadece maddi k\u00e2rl\u0131l\u0131k de\u011fil; \u015fehrimize, b\u00f6lgemize ve topluma fayda sa\u011flayan projeler ger\u00e7ekle\u015ftirebilmektir.\u201d<\/p>\n\n\n\n<p><strong>\u201cNil\u00fcfer\u2019den \u00e7ok talep var\u201d<\/strong><br>Nil\u00fcfer\u2019den \u00e7ok fazla kentsel d\u00f6n\u00fc\u015f\u00fcm talebi ald\u0131klar\u0131n\u0131 ancak hen\u00fcz Y\u0131ld\u0131r\u0131m\u2019dan \u00e7\u0131kmak istemediklerini ifade eden Adilo\u011flu, s\u00f6zlerini \u015f\u00f6yle noktalad\u0131: \u201cB\u00f6lgesel ba\u015far\u0131y\u0131 ve Y\u0131ld\u0131r\u0131m\u2019da proje yapmay\u0131 daha \u00e7ok \u00f6nemsiyoruz. Y\u0131ld\u0131r\u0131m, k\u0131ymeti yeterince bilinmemi\u015f tarihi, turistik ve do\u011fa a\u00e7\u0131s\u0131ndan \u00e7ok zengin ve \u00f6nemli bir b\u00f6lge. Biz de bu sorumlulukla hareket ederek b\u00f6lgemizin yap\u0131s\u0131na uygun projeler geli\u015ftirmeye, buradaki insanlar\u0131m\u0131z\u0131n daha konforlu ve sa\u011fl\u0131kl\u0131 yap\u0131larda hayatlar\u0131n\u0131 s\u00fcrd\u00fcrmelerine yard\u0131mc\u0131 olmaya \u00e7al\u0131\u015f\u0131yoruz. Belki ileriye do\u011fru bu d\u00fc\u015f\u00fcncelerimizi geli\u015ftirip Y\u0131ld\u0131r\u0131m d\u0131\u015f\u0131nda da projelerimiz olur. Y\u0131ld\u0131r\u0131m\u2019da di\u011fer yerlere oranla t\u00fcketici odakl\u0131 bir sat\u0131\u015f var. \u00c7\u00fcnk\u00fc burada al\u0131c\u0131, yat\u0131r\u0131m ama\u00e7l\u0131 de\u011fil direk kullan\u0131m ama\u00e7l\u0131, ihtiya\u00e7 sahibi olarak hareket ediyor. Biz de b\u00f6lgenin bu p\u00fcf noktas\u0131n\u0131 dikkate al\u0131p nitelikli projeler yaparak avantaja \u00e7evirmeye \u00e7al\u0131\u015f\u0131yoruz.\u201d<\/p>","protected":false},"excerpt":{"rendered":"<p>\u0130n\u015faat sekt\u00f6r\u00fcnde 25. y\u0131la yakla\u015fan tecr\u00fcbesiyle,&nbsp;Y\u0131ld\u0131r\u0131m&nbsp;il\u00e7esinde \u00f6nemli projeleri hayata ge\u00e7iren&nbsp;Adilo\u011flu Grup&nbsp;\u015firketlerinden&nbsp;Ba\u015folhan \u0130n\u015faat, sa\u011flad\u0131\u011f\u0131 g\u00fcvenle emin ad\u0131mlarla gelece\u011fe y\u00fcr\u00fcyor. K\u00fc\u00e7\u00fck ya\u015flardan itibaren ticaretin i\u00e7inde olan ve gen\u00e7 ya\u015flarda firma i\u00e7erisinde \u00f6nemli g\u00f6revlerde bulunan Adilo\u011flu Grup ve Ba\u015folhan \u0130n\u015faat Y\u00f6netim Kurulu Ba\u015fkan\u0131 Muhammet Adilo\u011flu, 5 erkek karde\u015fi ile birlikte t\u00fcm g\u00fcc\u00fcn\u00fc ve enerjisini firman\u0131n geli\u015fimine harc\u0131yor. A [&#8230;]","protected":false},"author":1,"featured_media":2278,"comment_status":"closed","ping_status":"","sticky":false,"template":"","format":"standard","meta":{"footnotes":""},"categories":[82,77,71],"tags":[80],"class_list":["post-2272","post","type-post","status-publish","format-standard","has-post-thumbnail","hentry","category-haber","category-insaat","category-kentsel-donusum","tag-eko-haber"],"_links":{"self":[{"href":"https:\/\/adiloglu.com.tr\/en\/wp-json\/wp\/v2\/posts\/2272","targetHints":{"allow":["GET"]}}],"collection":[{"href":"https:\/\/adiloglu.com.tr\/en\/wp-json\/wp\/v2\/posts"}],"about":[{"href":"https:\/\/adiloglu.com.tr\/en\/wp-json\/wp\/v2\/types\/post"}],"author":[{"embeddable":true,"href":"https:\/\/adiloglu.com.tr\/en\/wp-json\/wp\/v2\/users\/1"}],"replies":[{"embeddable":true,"href":"https:\/\/adiloglu.com.tr\/en\/wp-json\/wp\/v2\/comments?post=2272"}],"version-history":[{"count":2,"href":"https:\/\/adiloglu.com.tr\/en\/wp-json\/wp\/v2\/posts\/2272\/revisions"}],"predecessor-version":[{"id":2277,"href":"https:\/\/adiloglu.com.tr\/en\/wp-json\/wp\/v2\/posts\/2272\/revisions\/2277"}],"wp:featuredmedia":[{"embeddable":true,"href":"https:\/\/adiloglu.com.tr\/en\/wp-json\/wp\/v2\/media\/2278"}],"wp:attachment":[{"href":"https:\/\/adiloglu.com.tr\/en\/wp-json\/wp\/v2\/media?parent=2272"}],"wp:term":[{"taxonomy":"category","embeddable":true,"href":"https:\/\/adiloglu.com.tr\/en\/wp-json\/wp\/v2\/categories?post=2272"},{"taxonomy":"post_tag","embeddable":true,"href":"https:\/\/adiloglu.com.tr\/en\/wp-json\/wp\/v2\/tags?post=2272"}],"curies":[{"name":"wp","href":"https:\/\/api.w.org\/{rel}","templated":true}]}}