{"id":3218,"date":"2023-08-27T14:10:11","date_gmt":"2023-08-27T11:10:11","guid":{"rendered":"https:\/\/adiloglu.com.tr\/?p=3218"},"modified":"2024-09-19T16:44:29","modified_gmt":"2024-09-19T13:44:29","slug":"anadolu-rise-yildirima-deger-katacak","status":"publish","type":"post","link":"https:\/\/adiloglu.com.tr\/en\/2023\/08\/27\/anadolu-rise-yildirima-deger-katacak\/","title":{"rendered":"Anadolu Rise will add value to Y\u0131ld\u0131r\u0131m."},"content":{"rendered":"<figure class=\"wp-block-image size-large is-resized\"><img decoding=\"async\" src=\"https:\/\/adiloglu.com.tr\/wp-content\/uploads\/2023\/08\/anadolu_rise_yildirima_deger_katacak_h3301_929cb.jpeg\" alt=\"\" style=\"width:838px;height:auto\"\/><\/figure>\n\n\n\n<p>Bug\u00fcne kadar ger\u00e7ekle\u015ftirdi\u011fi kentsel d\u00f6n\u00fc\u015f\u00fcm ve nitelikli konut projeleriyle in\u015faat sekt\u00f6r\u00fcn\u00fcn parlayan y\u0131ld\u0131zlar\u0131ndan biri olan Adilo\u011flu Grup, \u00e7ar\u015f\u0131 AVM, cadde boyu d\u00fckkanlar, restoran, ofis kat\u0131 ve rezidans konutlardan olu\u015fan yeni karma projesi \u2018Anadolu Rise\u2019\u0131n temelini att\u0131.<\/p>\n\n\n\n<p>AK Parti Bursa Milletvekilleri Refik \u00d6zen ve Ahmet K\u0131l\u0131\u00e7, Bursa B\u00fcy\u00fck\u015fehir Belediye Ba\u015fkan Vekili Arif Bayrak, Osmangazi Belediye Ba\u015fkan\u0131 Mustafa D\u00fcndar, Y\u0131ld\u0131r\u0131m Belediye Ba\u015fkan Yard\u0131mc\u0131s\u0131 Yusuf Demirok, M\u00dcS\u0130AD Bursa \u015eubesi Ba\u015fkan\u0131 Alparslan \u015eenocak, \u0130MS\u0130AD Y\u00f6netim Kurulu \u00fcyeleri ve in\u015faat sekt\u00f6r\u00fc temsilcilerinin kat\u0131l\u0131mlar\u0131yla Anadolu Mahallesi Vi\u015fne Ticaret B\u00f6lgesi\u2019nde, Ankara yolu \u00fczerinde temeli at\u0131lan&nbsp;<strong>Anadolu Rise<\/strong>&nbsp;projesi, Y\u0131ld\u0131r\u0131m\u2019\u0131n ticaret hayat\u0131na yeni bir soluk getirecek.<\/p>\n\n\n\n<figure class=\"wp-block-image\"><img decoding=\"async\" src=\"https:\/\/www.konutveyapi.com\/images\/upload\/1-.png\" alt=\"\"\/><\/figure>\n\n\n\n<p>Ticari alanlar ve rezidans konutlar\u0131n yer alaca\u011f\u0131 proje, g\u00fcne\u015f panelleri, ya\u011fmur suyu depolamalar\u0131, y\u00fcksek enerji verimlili\u011fiyle \u015fimdiden b\u00fcy\u00fck ilgi g\u00f6r\u00fcyor.<\/p>\n\n\n\n<p>6 bin 200 metrekarelik alanda 40 bin metrekarelik bir ya\u015fam ve ticaret alan\u0131 olarak in\u015fa edilecek projenin temel atma t\u00f6reninde konu\u015fan&nbsp;<strong>Adilo\u011flu Grup<\/strong>&nbsp;Chairman of the Board&nbsp;<strong>Muhammet Adilo\u011flu<\/strong>, \u201c1976\u2019dan beri ticari faaliyetlerimizde \u2018\u00f6nce ahlak\u2019 d\u00fcsturuna ba\u011fl\u0131 kalarak, geli\u015fen teknolojik \u015fartlar ile s\u00fcrekli kendimizi yenileyerek hizmet \u00fcretmek i\u00e7in var g\u00fcc\u00fcm\u00fcz ile \u00e7al\u0131\u015fmaya devam ediyoruz\u201d dedi.<\/p>\n\n\n\n<figure class=\"wp-block-image\"><img decoding=\"async\" src=\"https:\/\/www.konutveyapi.com\/images\/upload\/4-AdiloYlu_Grup_Yonetim_Kurulu_BaYkanY_Muhammet_AdiloYlu.jpg\" alt=\"\"\/><\/figure>\n\n\n\n<p>Proje hakk\u0131nda teknik bilgiler de veren Muhammet Adilo\u011flu, \u201cTemelin alt\u0131na, 60 santim \u00e7ap\u0131nda 15 metre derinlikte 1500 adet jet grout2 sistemi ile zemin iyile\u015ftirme \u00e7al\u0131\u015fmalar\u0131 yapt\u0131\u011f\u0131m\u0131z,&nbsp;<strong>Anadolu RISE<\/strong>&nbsp;projemizde enerji verimlili\u011fi a\u00e7\u0131s\u0131ndan en yeni teknolojileri kullanarak, enerji sertifikasyonu en ileri seviyede bina modelini ortaya koyaca\u011f\u0131z.<\/p>\n\n\n\n<p>350 adet arac\u0131n park edebilece\u011fi kapal\u0131 otopark, g\u00fcne\u015f enerjisi, ya\u011fmursuyu toplama ve kullanma, elektrikli ara\u00e7 \u015farj istasyonlar\u0131n\u0131n oldu\u011fu 183 adet rezidans konut ve ofisler ile 8.000 m2 ticari alanlar\u0131n yer ald\u0131\u011f\u0131 Anadolu RISE projemiz ile m\u00fc\u015fterilerimiz daha g\u00fcvenli ve son teknolojilere sahip konut ve i\u015fyerlerine sahip olacak\u201d \u015feklinde konu\u015ftu.<\/p>\n\n\n\n<figure class=\"wp-block-image\"><img decoding=\"async\" src=\"https:\/\/www.konutveyapi.com\/images\/upload\/5-AK_Parti_Bursa_Milletvekili_Refik_Ozen__1.jpg\" alt=\"\"\/><\/figure>\n\n\n\n<p>Temel atma t\u00f6reninde konu\u015fan AK Parti Bursa Milletvekili Refik \u00d6zen, \u201cAnadolu&#8217;nun y\u00fckseli\u015fine tan\u0131kl\u0131k edece\u011fimiz bir projenin temel atma t\u00f6renindeyiz. Biz de 2023&#8217;\u00fc T\u00fcrk asr\u0131n\u0131n y\u00fckseli\u015fi olarak de\u011ferlendirdi\u011fimiz bu asr\u0131n ba\u015flang\u0131c\u0131nda b\u00f6yle Anadolu&#8217;nun y\u00fckseli\u015finin temelini atman\u0131n mutlulu\u011fu i\u00e7erisindeyiz\u201d derken, AK Parti Bursa Milletvekili Ahmet K\u0131l\u0131\u00e7 da, \u201cY\u0131ld\u0131r\u0131m il\u00e7emizin en \u00f6nemli cazibe merkezlerinden olan bir noktada bulunuyoruz. \u0130n\u015fallah Y\u0131ld\u0131r\u0131m\u0131m\u0131z\u2019\u0131n ve Bursa\u2019m\u0131z\u0131n imaj\u0131na \u00e7ok de\u011fer kataca\u011f\u0131na inanc\u0131nday\u0131m. Projenin \u00fclkemize ve Bursa&#8217;da hay\u0131rl\u0131 olmas\u0131n\u0131 diliyorum\u201d \u015feklinde konu\u015ftu.<\/p>\n\n\n\n<figure class=\"wp-block-image\"><img decoding=\"async\" src=\"https:\/\/www.konutveyapi.com\/images\/upload\/6-AK_Parti_Bursa_Milletvekili_Ahmet_KYlYc.jpg\" alt=\"\"\/><\/figure>\n\n\n\n<p>Projenin yer sahibi olan, BTSO Y\u00f6netim Kurulu Ba\u015fkan Vekil \u0130smail Ku\u015f da \u201cY\u0131ld\u0131r\u0131m ve b\u00f6lgeye g\u00fczel bir de\u011fer de\u011fer kataca\u011f\u0131na inand\u0131\u011f\u0131m\u0131z bu projeye biz de ailemiz olarak her t\u00fcrl\u00fc deste\u011fi verece\u011fimizi buradan ifade etmek istiyorum in\u015fallah Y\u0131ld\u0131r\u0131m&#8217;\u0131n makus talihini de\u011fi\u015ftiririz. Y\u0131ld\u0131r\u0131m b\u00f6lgesi i\u00e7in hay\u0131rl\u0131 u\u011furlu olsun\u201d dedi.<\/p>\n\n\n\n<figure class=\"wp-block-image\"><img decoding=\"async\" src=\"https:\/\/www.konutveyapi.com\/images\/upload\/7-BTSO_Yonetim_Kurulu_BaYkan_Vekil_Ysmail_KuY.jpg\" alt=\"\"\/><\/figure>\n\n\n\n<p>Anadolu Rise\u2019nin temel atma t\u00f6reninde s\u00f6z alan Osmangazi Belediye Ba\u015fkan\u0131 Mustafa D\u00fcndar, Bursa B\u00fcy\u00fck\u015fehir Ba\u015fkan Vekili Arif Bayrak, Y\u0131ld\u0131r\u0131m Belediyesi Ba\u015fkan Vekili Yusuf Demirok ve M\u00dcS\u0130AD Bursa \u015eube Ba\u015fkan\u0131 Alparslan \u015eenocak da, Adilo\u011flu Grup\u2019a tebriklerini ileterek ba\u015far\u0131lar dilediler.<\/p>\n\n\n\n<figure class=\"wp-block-image\"><img decoding=\"async\" src=\"https:\/\/www.konutveyapi.com\/images\/upload\/8-Osmangazi_Belediye_BaYkanY_Mustafa_Dundar.jpg\" alt=\"\"\/><\/figure>\n\n\n\n<figure class=\"wp-block-image\"><img decoding=\"async\" src=\"https:\/\/www.konutveyapi.com\/images\/upload\/9-Bursa_BuyukYehir_BaYkan_Vekili_Arif_Bayrak.jpg\" alt=\"\"\/><\/figure>\n\n\n\n<figure class=\"wp-block-image\"><img decoding=\"async\" src=\"https:\/\/www.konutveyapi.com\/images\/upload\/10-YYldYrYm_Belediyesi_BaYkan_Vekili_Yusuf_Demirok_.jpg\" alt=\"\"\/><\/figure>\n\n\n\n<figure class=\"wp-block-image\"><img decoding=\"async\" src=\"https:\/\/www.konutveyapi.com\/images\/upload\/11-MUSYAD_Bursa_Yube_BaYkanY_Alparslan_Yenocak.jpg\" alt=\"\"\/><\/figure>\n\n\n\n<p>Konu\u015fmalar\u0131n ard\u0131ndan 6 bin 200 metrekarelik alanda 40 bin metrekarelik bir ya\u015fam ve ticaret alan\u0131 olarak in\u015fa edilecek projenin temeline ilk beton d\u00f6k\u00fcld\u00fc.<\/p>\n\n\n\n<figure class=\"wp-block-image\"><img decoding=\"async\" src=\"https:\/\/www.konutveyapi.com\/images\/upload\/2-_2.jpg\" alt=\"\"\/><\/figure>\n\n\n\n<figure class=\"wp-block-image\"><img decoding=\"async\" src=\"https:\/\/www.konutveyapi.com\/images\/upload\/3-_2.jpg\" alt=\"\"\/><\/figure>\n\n\n\n<div class=\"wp-block-buttons is-layout-flex wp-block-buttons-is-layout-flex\">\n<div class=\"wp-block-button\"><a class=\"wp-block-button__link wp-element-button\" href=\"https:\/\/www.konutveyapi.com\/konut-projeleri\/anadolu-rise-yildirima-deger-katacak-h3301.html\" target=\"_blank\" rel=\"noreferrer noopener\">Konut ve Yap\u0131<\/a><\/div>\n\n\n\n<div class=\"wp-block-button\"><a class=\"wp-block-button__link wp-element-button\" href=\"https:\/\/www.bursa.com\/haber\/anadolu-rise-yildirim-a-deger-katacak-745134.html\" target=\"_blank\" rel=\"noreferrer noopener\">Bursa.com<\/a><\/div>\n\n\n\n<div class=\"wp-block-button\"><a class=\"wp-block-button__link wp-element-button\" href=\"https:\/\/www.bursasoylem.com\/2023\/08\/25\/anadolu-rise-yildirima-deger-katacak\/\" target=\"_blank\" rel=\"noreferrer noopener\">Bursa S\u00f6ylem<\/a><\/div>\n\n\n\n<div class=\"wp-block-button\"><a class=\"wp-block-button__link wp-element-button\" href=\"https:\/\/www.bursahayat.com.tr\/bursa\/yildirim-in-ticaret-hayatina-yeni-bir-soluk-495883\" target=\"_blank\" rel=\"noreferrer noopener\">Bursa Hayat<\/a><\/div>\n\n\n\n<div class=\"wp-block-button\"><a class=\"wp-block-button__link wp-element-button\" href=\"https:\/\/www.sozbursa.com\/ekonomi\/anadolu-rise-yildirim-a-deger-katacak-180684\" target=\"_blank\" rel=\"noreferrer noopener\">S\u00f6z Bursa<\/a><\/div>\n\n\n\n<div class=\"wp-block-button\"><a class=\"wp-block-button__link wp-element-button\" href=\"https:\/\/clips.medyatakip.com\/pm\/clip\/0LljT0s0GVgiD4Q7Mz5PgY\" target=\"_blank\" rel=\"noreferrer noopener\">Yeni Marmara Gazetesi<\/a><\/div>\n\n\n\n<div class=\"wp-block-button\"><a class=\"wp-block-button__link wp-element-button\" href=\"https:\/\/clips.medyatakip.com\/pm\/clip\/K1NLUksK1Q5I4bmWAlNDO5\" target=\"_blank\" rel=\"noreferrer noopener\">Bursa Haber<\/a><\/div>\n<\/div>\n\n\n\n<div style=\"height:53px\" aria-hidden=\"true\" class=\"wp-block-spacer\"><\/div>\n\n\n\n<div class=\"wp-block-group\"><div class=\"wp-block-group__inner-container is-layout-constrained wp-block-group-is-layout-constrained\">\n<figure class=\"wp-block-gallery has-nested-images columns-2 wp-block-gallery-1 is-layout-flex wp-block-gallery-is-layout-flex\">\n<figure class=\"wp-block-image size-full\"><a href=\"https:\/\/adiloglu.com.tr\/wp-content\/uploads\/2023\/08\/20230826-YENI-MARMARA-1.jpg\"><img loading=\"lazy\" decoding=\"async\" width=\"2414\" height=\"1940\" data-id=\"3229\" src=\"https:\/\/adiloglu.com.tr\/wp-content\/uploads\/2023\/08\/20230826-YENI-MARMARA-1.jpg\" alt=\"\" class=\"wp-image-3229\" srcset=\"https:\/\/adiloglu.com.tr\/wp-content\/uploads\/2023\/08\/20230826-YENI-MARMARA-1.jpg 2414w, https:\/\/adiloglu.com.tr\/wp-content\/uploads\/2023\/08\/20230826-YENI-MARMARA-1-498x400.jpg 498w, https:\/\/adiloglu.com.tr\/wp-content\/uploads\/2023\/08\/20230826-YENI-MARMARA-1-995x800.jpg 995w, https:\/\/adiloglu.com.tr\/wp-content\/uploads\/2023\/08\/20230826-YENI-MARMARA-1-768x617.jpg 768w, https:\/\/adiloglu.com.tr\/wp-content\/uploads\/2023\/08\/20230826-YENI-MARMARA-1-1536x1234.jpg 1536w, https:\/\/adiloglu.com.tr\/wp-content\/uploads\/2023\/08\/20230826-YENI-MARMARA-1-2048x1646.jpg 2048w\" sizes=\"auto, (max-width: 2414px) 100vw, 2414px\" \/><\/a><\/figure>\n\n\n\n<figure class=\"wp-block-image size-full\"><a href=\"https:\/\/adiloglu.com.tr\/wp-content\/uploads\/2023\/08\/20230826-YENI-MARMARA.jpg\"><img loading=\"lazy\" decoding=\"async\" width=\"1652\" height=\"903\" data-id=\"3227\" src=\"https:\/\/adiloglu.com.tr\/wp-content\/uploads\/2023\/08\/20230826-YENI-MARMARA.jpg\" alt=\"\" class=\"wp-image-3227\" srcset=\"https:\/\/adiloglu.com.tr\/wp-content\/uploads\/2023\/08\/20230826-YENI-MARMARA.jpg 1652w, https:\/\/adiloglu.com.tr\/wp-content\/uploads\/2023\/08\/20230826-YENI-MARMARA-732x400.jpg 732w, https:\/\/adiloglu.com.tr\/wp-content\/uploads\/2023\/08\/20230826-YENI-MARMARA-1400x765.jpg 1400w, https:\/\/adiloglu.com.tr\/wp-content\/uploads\/2023\/08\/20230826-YENI-MARMARA-768x420.jpg 768w, https:\/\/adiloglu.com.tr\/wp-content\/uploads\/2023\/08\/20230826-YENI-MARMARA-1536x840.jpg 1536w\" sizes=\"auto, (max-width: 1652px) 100vw, 1652px\" \/><\/a><\/figure>\n\n\n\n<figure class=\"wp-block-image size-full\"><a href=\"https:\/\/adiloglu.com.tr\/wp-content\/uploads\/2023\/08\/20230826-GAZETE-BURSA-1.jpg\"><img loading=\"lazy\" decoding=\"async\" width=\"1095\" height=\"1844\" data-id=\"3228\" src=\"https:\/\/adiloglu.com.tr\/wp-content\/uploads\/2023\/08\/20230826-GAZETE-BURSA-1.jpg\" alt=\"\" class=\"wp-image-3228\" srcset=\"https:\/\/adiloglu.com.tr\/wp-content\/uploads\/2023\/08\/20230826-GAZETE-BURSA-1.jpg 1095w, https:\/\/adiloglu.com.tr\/wp-content\/uploads\/2023\/08\/20230826-GAZETE-BURSA-1-238x400.jpg 238w, https:\/\/adiloglu.com.tr\/wp-content\/uploads\/2023\/08\/20230826-GAZETE-BURSA-1-475x800.jpg 475w, https:\/\/adiloglu.com.tr\/wp-content\/uploads\/2023\/08\/20230826-GAZETE-BURSA-1-768x1293.jpg 768w, https:\/\/adiloglu.com.tr\/wp-content\/uploads\/2023\/08\/20230826-GAZETE-BURSA-1-912x1536.jpg 912w\" sizes=\"auto, (max-width: 1095px) 100vw, 1095px\" \/><\/a><\/figure>\n\n\n\n<figure class=\"wp-block-image size-full\"><a href=\"https:\/\/adiloglu.com.tr\/wp-content\/uploads\/2023\/08\/20230826-GAZETE-BURSA.jpg\"><img loading=\"lazy\" decoding=\"async\" width=\"574\" height=\"940\" data-id=\"3225\" src=\"https:\/\/adiloglu.com.tr\/wp-content\/uploads\/2023\/08\/20230826-GAZETE-BURSA.jpg\" alt=\"\" class=\"wp-image-3225\" srcset=\"https:\/\/adiloglu.com.tr\/wp-content\/uploads\/2023\/08\/20230826-GAZETE-BURSA.jpg 574w, https:\/\/adiloglu.com.tr\/wp-content\/uploads\/2023\/08\/20230826-GAZETE-BURSA-244x400.jpg 244w, https:\/\/adiloglu.com.tr\/wp-content\/uploads\/2023\/08\/20230826-GAZETE-BURSA-489x800.jpg 489w\" sizes=\"auto, (max-width: 574px) 100vw, 574px\" \/><\/a><\/figure>\n\n\n\n<figure class=\"wp-block-image size-full\"><a href=\"https:\/\/adiloglu.com.tr\/wp-content\/uploads\/2023\/08\/20230826-BURSA-HABER-scaled.jpg\"><img loading=\"lazy\" decoding=\"async\" width=\"475\" height=\"2560\" data-id=\"3226\" src=\"https:\/\/adiloglu.com.tr\/wp-content\/uploads\/2023\/08\/20230826-BURSA-HABER-scaled.jpg\" alt=\"\" class=\"wp-image-3226\" srcset=\"https:\/\/adiloglu.com.tr\/wp-content\/uploads\/2023\/08\/20230826-BURSA-HABER-scaled.jpg 475w, https:\/\/adiloglu.com.tr\/wp-content\/uploads\/2023\/08\/20230826-BURSA-HABER-74x400.jpg 74w, https:\/\/adiloglu.com.tr\/wp-content\/uploads\/2023\/08\/20230826-BURSA-HABER-285x1536.jpg 285w, https:\/\/adiloglu.com.tr\/wp-content\/uploads\/2023\/08\/20230826-BURSA-HABER-380x2048.jpg 380w\" sizes=\"auto, (max-width: 475px) 100vw, 475px\" \/><\/a><\/figure>\n<\/figure>\n<\/div><\/div>","protected":false},"excerpt":{"rendered":"<p>Bug\u00fcne kadar ger\u00e7ekle\u015ftirdi\u011fi kentsel d\u00f6n\u00fc\u015f\u00fcm ve nitelikli konut projeleriyle in\u015faat sekt\u00f6r\u00fcn\u00fcn parlayan y\u0131ld\u0131zlar\u0131ndan biri olan Adilo\u011flu Grup, \u00e7ar\u015f\u0131 AVM, cadde boyu d\u00fckkanlar, restoran, ofis kat\u0131 ve rezidans konutlardan olu\u015fan yeni karma projesi \u2018Anadolu Rise\u2019\u0131n temelini att\u0131. AK Parti Bursa Milletvekilleri Refik \u00d6zen ve Ahmet K\u0131l\u0131\u00e7, Bursa B\u00fcy\u00fck\u015fehir Belediye Ba\u015fkan Vekili Arif Bayrak, Osmangazi Belediye Ba\u015fkan\u0131 [&#8230;]","protected":false},"author":1,"featured_media":3219,"comment_status":"closed","ping_status":"closed","sticky":false,"template":"","format":"standard","meta":{"footnotes":""},"categories":[82,77],"tags":[],"class_list":["post-3218","post","type-post","status-publish","format-standard","has-post-thumbnail","hentry","category-haber","category-insaat"],"_links":{"self":[{"href":"https:\/\/adiloglu.com.tr\/en\/wp-json\/wp\/v2\/posts\/3218","targetHints":{"allow":["GET"]}}],"collection":[{"href":"https:\/\/adiloglu.com.tr\/en\/wp-json\/wp\/v2\/posts"}],"about":[{"href":"https:\/\/adiloglu.com.tr\/en\/wp-json\/wp\/v2\/types\/post"}],"author":[{"embeddable":true,"href":"https:\/\/adiloglu.com.tr\/en\/wp-json\/wp\/v2\/users\/1"}],"replies":[{"embeddable":true,"href":"https:\/\/adiloglu.com.tr\/en\/wp-json\/wp\/v2\/comments?post=3218"}],"version-history":[{"count":7,"href":"https:\/\/adiloglu.com.tr\/en\/wp-json\/wp\/v2\/posts\/3218\/revisions"}],"predecessor-version":[{"id":3894,"href":"https:\/\/adiloglu.com.tr\/en\/wp-json\/wp\/v2\/posts\/3218\/revisions\/3894"}],"wp:featuredmedia":[{"embeddable":true,"href":"https:\/\/adiloglu.com.tr\/en\/wp-json\/wp\/v2\/media\/3219"}],"wp:attachment":[{"href":"https:\/\/adiloglu.com.tr\/en\/wp-json\/wp\/v2\/media?parent=3218"}],"wp:term":[{"taxonomy":"category","embeddable":true,"href":"https:\/\/adiloglu.com.tr\/en\/wp-json\/wp\/v2\/categories?post=3218"},{"taxonomy":"post_tag","embeddable":true,"href":"https:\/\/adiloglu.com.tr\/en\/wp-json\/wp\/v2\/tags?post=3218"}],"curies":[{"name":"wp","href":"https:\/\/api.w.org\/{rel}","templated":true}]}}