{"id":3671,"date":"2024-08-15T14:53:52","date_gmt":"2024-08-15T11:53:52","guid":{"rendered":"https:\/\/adiloglu.com.tr\/?p=3671"},"modified":"2024-08-15T14:54:12","modified_gmt":"2024-08-15T11:54:12","slug":"duyarli-yapilar","status":"publish","type":"post","link":"https:\/\/adiloglu.com.tr\/en\/2024\/08\/15\/duyarli-yapilar\/","title":{"rendered":"Duyarl\u0131 yap\u0131lar"},"content":{"rendered":"<div style=\"height:100px\" aria-hidden=\"true\" class=\"wp-block-spacer\"><\/div>\n\n\n\n<div class=\"wp-block-columns is-layout-flex wp-container-core-columns-is-layout-9d6595d7 wp-block-columns-is-layout-flex\">\n<div class=\"wp-block-column is-layout-flow wp-block-column-is-layout-flow\" style=\"flex-basis:33.33%\">\n<figure class=\"wp-block-image size-thumbnail is-style-rounded\"><img loading=\"lazy\" decoding=\"async\" width=\"280\" height=\"280\" src=\"https:\/\/adiloglu.com.tr\/wp-content\/uploads\/2021\/09\/IMG_9004-280x280.jpg\" alt=\"\" class=\"wp-image-755\" srcset=\"https:\/\/adiloglu.com.tr\/wp-content\/uploads\/2021\/09\/IMG_9004-280x280.jpg 280w, https:\/\/adiloglu.com.tr\/wp-content\/uploads\/2021\/09\/IMG_9004-300x300.jpg 300w, https:\/\/adiloglu.com.tr\/wp-content\/uploads\/2021\/09\/IMG_9004-100x100.jpg 100w\" sizes=\"auto, (max-width: 280px) 100vw, 280px\" \/><\/figure>\n\n\n\n<p class=\"has-text-align-center\">Muhammet Adilo\u011flu <\/p>\n\n\n\n<p class=\"has-text-align-center\"><a href=\"\/en\/category\/kose-yazilari\/\" data-type=\"URL\" data-id=\"\/category\/kose-yazilari\">All Articles<\/a><\/p>\n<\/div>\n\n\n\n<div class=\"wp-block-column is-layout-flow wp-block-column-is-layout-flow\" style=\"flex-basis:66.66%\">\n<p>G\u00fcn\u00fcm\u00fczde h\u0131zla artan n\u00fcfus ve \u015fehirle\u015fme ile birlikte \u00e7evresel, ekonomik ve toplumsal sorunlar da artmaktad\u0131r. Bu sorunlarla ba\u015fa \u00e7\u0131kman\u0131n yollar\u0131ndan biri, in\u015faat sekt\u00f6r\u00fcnde &#8220;duyarl\u0131 yap\u0131lar&#8221; anlay\u0131\u015f\u0131n\u0131 benimsemektir. Duyarl\u0131 yap\u0131lar, sadece fiziksel yap\u0131lar\u0131 de\u011fil, ayn\u0131 zamanda \u00e7evresel, ekonomik ve insana y\u00f6nelik duyarl\u0131l\u0131\u011f\u0131 da i\u00e7erir. Duyarl\u0131 yap\u0131lar, \u00f6ncelikle \u00e7evreye duyarl\u0131 olmal\u0131d\u0131r. Do\u011fal kaynaklar\u0131n h\u0131zla t\u00fckendi\u011fi bir d\u00fcnyada, in\u015faat sekt\u00f6r\u00fcn\u00fcn \u00e7evresel etkileri g\u00f6z ard\u0131 edilemez. Bu nedenle, duyarl\u0131 yap\u0131lar tasarlan\u0131rken \u00e7evreye olan etkileri minimize edilmelidir. Enerji verimlili\u011fi, su tasarrufu ve at\u0131k y\u00f6netimi bu noktada \u00f6nemli rol oynar. \u00d6rne\u011fin, g\u00fcne\u015f enerjisi panelleri, ya\u011fmur suyu toplama sistemleri ve geri d\u00f6n\u00fc\u015ft\u00fcr\u00fclebilir malzemeler kullan\u0131larak enerji ve su t\u00fcketimi azalt\u0131labilir. Ayn\u0131 zamanda, ye\u015fil \u00e7at\u0131lar ve dikey bah\u00e7eler gibi ye\u015fil alanlar\u0131n entegre edilmesi, \u015fehir i\u00e7indeki s\u0131cakl\u0131k art\u0131\u015f\u0131n\u0131 kontrol alt\u0131na alabilir ve biyolojik \u00e7e\u015fitlili\u011fi destekleyebilir.<\/p>\n\n\n\n<p>Duyarl\u0131 yap\u0131lar ayn\u0131 zamanda ekonomik olarak da s\u00fcrd\u00fcr\u00fclebilir olmal\u0131d\u0131r. Bu, yap\u0131lar\u0131n in\u015fas\u0131 ve i\u015fletilmesi s\u0131ras\u0131nda maliyetlerin d\u00fc\u015f\u00fcr\u00fclmesi anlam\u0131na gelir. Ancak, maliyet d\u00fc\u015f\u00fcrme \u00e7abalar\u0131 kalite ve dayan\u0131kl\u0131l\u0131ktan \u00f6d\u00fcn vermeden yap\u0131lmal\u0131d\u0131r. Uzun vadeli maliyet analizleri yap\u0131larak, ba\u015flang\u0131\u00e7taki yat\u0131r\u0131m maliyetlerinin d\u00fc\u015f\u00fck enerji t\u00fcketimi, daha uzun \u00f6m\u00fcrl\u00fc malzemeler ve d\u00fc\u015f\u00fck bak\u0131m maliyetleri ile telafi edilebilece\u011fi g\u00f6sterilmelidir. Ayr\u0131ca, yerel malzemelerin ve i\u015f g\u00fcc\u00fcn\u00fcn kullan\u0131lmas\u0131, hem ekonomik katk\u0131 sa\u011flar hem de karbon ayak izini azalt\u0131r.<\/p>\n<\/div>\n<\/div>\n\n\n\n<p>Duyarl\u0131 yap\u0131lar, sadece \u00e7evre ve ekonomiyle s\u0131n\u0131rl\u0131 kalmaz; ayn\u0131 zamanda insan sa\u011fl\u0131\u011f\u0131 ve refah\u0131n\u0131 da g\u00f6zetir. \u0130nsanlar\u0131n ya\u015fam ve \u00e7al\u0131\u015fma alanlar\u0131nda ge\u00e7irdikleri zaman\u0131n b\u00fcy\u00fck bir k\u0131sm\u0131 kapal\u0131 alanlarda ge\u00e7ti\u011finden, i\u00e7 mek\u00e2n hava kalitesi, do\u011fal \u0131\u015f\u0131k kullan\u0131m\u0131 ve akustik konfor gibi unsurlar \u00f6nemlidir. \u0130yi havaland\u0131r\u0131lm\u0131\u015f, yeterli do\u011fal \u0131\u015f\u0131k alan ve akustik a\u00e7\u0131dan rahat yap\u0131lar, kullan\u0131c\u0131lar\u0131n fiziksel ve psikolojik sa\u011fl\u0131\u011f\u0131n\u0131 olumlu y\u00f6nde etkiler. Ayr\u0131ca, engelliler ve ya\u015fl\u0131lar gibi dezavantajl\u0131 gruplar\u0131n ihtiya\u00e7lar\u0131na uygun tasar\u0131mlar da insana duyarl\u0131 yap\u0131lar\u0131n bir par\u00e7as\u0131d\u0131r. Sonu\u00e7 olarak, duyarl\u0131 yap\u0131lar, s\u00fcrd\u00fcr\u00fclebilir bir gelecek i\u00e7in \u00f6nemli bir ad\u0131md\u0131r. \u00c7evreye duyarl\u0131l\u0131k, ekonomik verimlilik ve insana duyarl\u0131l\u0131k gibi temel prensiplerle tasarlanan yap\u0131lar, hem bug\u00fcn\u00fcn hem de gelece\u011fin ihtiya\u00e7lar\u0131n\u0131 kar\u015f\u0131lamak i\u00e7in en iyi \u00e7\u00f6z\u00fcmleri sunar. Bu t\u00fcr yap\u0131lar, yaln\u0131zca bireyler ve toplum i\u00e7in de\u011fil, ayn\u0131 zamanda kainat i\u00e7in de b\u00fcy\u00fck bir fark olu\u015fturur. Gelece\u011fin s\u00fcrd\u00fcr\u00fclebilir mimarisi duyarl\u0131 yap\u0131lara duyars\u0131z kalmamal\u0131y\u0131z.<\/p>\n\n\n\n<div class=\"wp-block-buttons is-layout-flex wp-block-buttons-is-layout-flex\">\n<div class=\"wp-block-button\"><a class=\"wp-block-button__link wp-element-button\" href=\"https:\/\/www.konutveyapi.com\/duyarli-yapilar-makale,702.html\" target=\"_blank\" rel=\"noreferrer noopener\">Column: KONUT &amp; YAPI<\/a><\/div>\n<\/div>","protected":false},"excerpt":{"rendered":"<p>Muhammet Adilo\u011flu T\u00fcm Makaleleri G\u00fcn\u00fcm\u00fczde h\u0131zla artan n\u00fcfus ve \u015fehirle\u015fme ile birlikte \u00e7evresel, ekonomik ve toplumsal sorunlar da artmaktad\u0131r. Bu sorunlarla ba\u015fa \u00e7\u0131kman\u0131n yollar\u0131ndan biri, in\u015faat sekt\u00f6r\u00fcnde &#8220;duyarl\u0131 yap\u0131lar&#8221; anlay\u0131\u015f\u0131n\u0131 benimsemektir. Duyarl\u0131 yap\u0131lar, sadece fiziksel yap\u0131lar\u0131 de\u011fil, ayn\u0131 zamanda \u00e7evresel, ekonomik ve insana y\u00f6nelik duyarl\u0131l\u0131\u011f\u0131 da i\u00e7erir. Duyarl\u0131 yap\u0131lar, \u00f6ncelikle \u00e7evreye duyarl\u0131 olmal\u0131d\u0131r. Do\u011fal kaynaklar\u0131n [&#8230;]","protected":false},"author":1,"featured_media":3672,"comment_status":"closed","ping_status":"closed","sticky":false,"template":"","format":"standard","meta":{"footnotes":""},"categories":[77,78],"tags":[76,79],"class_list":["post-3671","post","type-post","status-publish","format-standard","has-post-thumbnail","hentry","category-insaat","category-kose-yazilari","tag-konut-ve-yapi","tag-muhammet-adiloglu"],"_links":{"self":[{"href":"https:\/\/adiloglu.com.tr\/en\/wp-json\/wp\/v2\/posts\/3671","targetHints":{"allow":["GET"]}}],"collection":[{"href":"https:\/\/adiloglu.com.tr\/en\/wp-json\/wp\/v2\/posts"}],"about":[{"href":"https:\/\/adiloglu.com.tr\/en\/wp-json\/wp\/v2\/types\/post"}],"author":[{"embeddable":true,"href":"https:\/\/adiloglu.com.tr\/en\/wp-json\/wp\/v2\/users\/1"}],"replies":[{"embeddable":true,"href":"https:\/\/adiloglu.com.tr\/en\/wp-json\/wp\/v2\/comments?post=3671"}],"version-history":[{"count":1,"href":"https:\/\/adiloglu.com.tr\/en\/wp-json\/wp\/v2\/posts\/3671\/revisions"}],"predecessor-version":[{"id":3673,"href":"https:\/\/adiloglu.com.tr\/en\/wp-json\/wp\/v2\/posts\/3671\/revisions\/3673"}],"wp:featuredmedia":[{"embeddable":true,"href":"https:\/\/adiloglu.com.tr\/en\/wp-json\/wp\/v2\/media\/3672"}],"wp:attachment":[{"href":"https:\/\/adiloglu.com.tr\/en\/wp-json\/wp\/v2\/media?parent=3671"}],"wp:term":[{"taxonomy":"category","embeddable":true,"href":"https:\/\/adiloglu.com.tr\/en\/wp-json\/wp\/v2\/categories?post=3671"},{"taxonomy":"post_tag","embeddable":true,"href":"https:\/\/adiloglu.com.tr\/en\/wp-json\/wp\/v2\/tags?post=3671"}],"curies":[{"name":"wp","href":"https:\/\/api.w.org\/{rel}","templated":true}]}}