{"id":4614,"date":"2025-05-06T10:48:02","date_gmt":"2025-05-06T07:48:02","guid":{"rendered":"https:\/\/adiloglu.com.tr\/?p=4614"},"modified":"2025-05-06T10:48:02","modified_gmt":"2025-05-06T07:48:02","slug":"bursada-bir-ilk","status":"publish","type":"post","link":"https:\/\/adiloglu.com.tr\/en\/2025\/05\/06\/bursada-bir-ilk\/","title":{"rendered":"A First in Bursa"},"content":{"rendered":"<figure class=\"wp-block-image size-full is-style-default\"><img loading=\"lazy\" decoding=\"async\" width=\"1809\" height=\"2560\" src=\"https:\/\/adiloglu.com.tr\/wp-content\/uploads\/2025\/05\/PM-06-05-2025_page-0001-scaled.jpg\" alt=\"\" class=\"wp-image-4615\" srcset=\"https:\/\/adiloglu.com.tr\/wp-content\/uploads\/2025\/05\/PM-06-05-2025_page-0001-scaled.jpg 1809w, https:\/\/adiloglu.com.tr\/wp-content\/uploads\/2025\/05\/PM-06-05-2025_page-0001-283x400.jpg 283w, https:\/\/adiloglu.com.tr\/wp-content\/uploads\/2025\/05\/PM-06-05-2025_page-0001-565x800.jpg 565w, https:\/\/adiloglu.com.tr\/wp-content\/uploads\/2025\/05\/PM-06-05-2025_page-0001-768x1087.jpg 768w, https:\/\/adiloglu.com.tr\/wp-content\/uploads\/2025\/05\/PM-06-05-2025_page-0001-1086x1536.jpg 1086w, https:\/\/adiloglu.com.tr\/wp-content\/uploads\/2025\/05\/PM-06-05-2025_page-0001-1447x2048.jpg 1447w\" sizes=\"auto, (max-width: 1809px) 100vw, 1809px\" \/><\/figure>\n\n\n\n<p>Adilo\u011flu Grup, Bursa\u2019da hayata ge\u00e7irilen ilk sismik izolat\u00f6rl\u00fc konut projesi olan \u201cCevher Cumal\u0131k\u0131z\u0131k\u201d\u0131, Rising City &amp; Yap\u0131 Ya\u015fam Fuar\u0131\u2019nda tan\u0131tt\u0131. Firman\u0131n fuar stand\u0131nda sergiledi\u011fi deprem sim\u00fclasyon maketi, ziyaret\u00e7ilerin yo\u011fun ilgisini \u00e7ekti.<\/p>\n\n\n\n<figure class=\"wp-block-image size-full\"><img loading=\"lazy\" decoding=\"async\" width=\"850\" height=\"491\" src=\"https:\/\/adiloglu.com.tr\/wp-content\/uploads\/2025\/04\/1-Muhammet-Adiloglu-850x491-1.jpg\" alt=\"\" class=\"wp-image-4474\" srcset=\"https:\/\/adiloglu.com.tr\/wp-content\/uploads\/2025\/04\/1-Muhammet-Adiloglu-850x491-1.jpg 850w, https:\/\/adiloglu.com.tr\/wp-content\/uploads\/2025\/04\/1-Muhammet-Adiloglu-850x491-1-692x400.jpg 692w, https:\/\/adiloglu.com.tr\/wp-content\/uploads\/2025\/04\/1-Muhammet-Adiloglu-850x491-1-768x444.jpg 768w\" sizes=\"auto, (max-width: 850px) 100vw, 850px\" \/><\/figure>\n\n\n\n<p>Y\u00f6netim Kurulu Ba\u015fkan\u0131 Muhammet Adilo\u011flu, projeye \u00f6zellikle son d\u00f6nemde ya\u015fanan depremlerin ard\u0131ndan ilginin artt\u0131\u011f\u0131n\u0131 belirterek, &#8220;Deprem ger\u00e7e\u011fiyle ya\u015famay\u0131 unutmamal\u0131, \u00f6nlem almaktan vazge\u00e7memeliyiz&#8221; dedi. Proje hakk\u0131nda bilgi veren Adilo\u011flu, \u201cBinalar\u0131n g\u00fcvenli\u011fini art\u0131rmak amac\u0131yla Bursa\u2019da ilk kez sismik izolat\u00f6r kulland\u0131k. Bu sistem, olas\u0131 deprem ve afetlerde olu\u015fabilecek hasar\u0131 en aza indiriyor. Y\u0131ld\u0131r\u0131m il\u00e7emizin h\u0131zl\u0131 geli\u015fen Cumal\u0131k\u0131z\u0131k-De\u011firmen\u00f6n\u00fc b\u00f6lgesine uzun s\u00fcredir yat\u0131r\u0131m yap\u0131yoruz. Bu b\u00f6lgede \u00fc\u00e7 yeni proje daha planl\u0131yoruz\u201d ifadelerini kulland\u0131.<\/p>\n\n\n\n<p>Kahramanmara\u015f merkezli 6 \u015eubat 2023 depremlerinden yakla\u015f\u0131k bir y\u0131l \u00f6nce Bursa Teknik \u00dcniversitesi (BT\u00dc) ile ilk g\u00f6r\u00fc\u015fmeleri yapt\u0131klar\u0131n\u0131 belirten Adilo\u011flu, \u201cBT\u00dc \u0130n\u015faat M\u00fchendisli\u011fi B\u00f6l\u00fcm\u00fc\u2019nden Prof. Dr. Beyhan Bayhan bu s\u00fcre\u00e7te bize \u00f6nemli katk\u0131lar sa\u011flad\u0131. Deprem b\u00f6lgelerinde yapt\u0131\u011f\u0131m\u0131z saha incelemeleri, projelerimizde bu sistemi uygulama kararl\u0131l\u0131\u011f\u0131m\u0131z\u0131 art\u0131rd\u0131\u201d diye konu\u015ftu.<\/p>\n\n\n\n<div class=\"wp-block-buttons is-layout-flex wp-block-buttons-is-layout-flex\">\n<div class=\"wp-block-button\"><a class=\"wp-block-button__link wp-element-button\" href=\"https:\/\/www.ekohaber.com.tr\/adiloglu-gruptan-sismik-izolatorlu-konut-projesi\" target=\"_blank\" rel=\"noreferrer noopener\">News: EKO HABER<\/a><\/div>\n<\/div>\n\n\n\n<p><\/p>","protected":false},"excerpt":{"rendered":"<p>Adilo\u011flu Grup, Bursa\u2019da hayata ge\u00e7irilen ilk sismik izolat\u00f6rl\u00fc konut projesi olan \u201cCevher Cumal\u0131k\u0131z\u0131k\u201d\u0131, Rising City &amp; Yap\u0131 Ya\u015fam Fuar\u0131\u2019nda tan\u0131tt\u0131. Firman\u0131n fuar stand\u0131nda sergiledi\u011fi deprem sim\u00fclasyon maketi, ziyaret\u00e7ilerin yo\u011fun ilgisini \u00e7ekti. Y\u00f6netim Kurulu Ba\u015fkan\u0131 Muhammet Adilo\u011flu, projeye \u00f6zellikle son d\u00f6nemde ya\u015fanan depremlerin ard\u0131ndan ilginin artt\u0131\u011f\u0131n\u0131 belirterek, &#8220;Deprem ger\u00e7e\u011fiyle ya\u015famay\u0131 unutmamal\u0131, \u00f6nlem almaktan vazge\u00e7memeliyiz&#8221; dedi. Proje [&#8230;]","protected":false},"author":1,"featured_media":4615,"comment_status":"closed","ping_status":"closed","sticky":false,"template":"","format":"standard","meta":{"footnotes":""},"categories":[82,77],"tags":[],"class_list":["post-4614","post","type-post","status-publish","format-standard","has-post-thumbnail","hentry","category-haber","category-insaat"],"_links":{"self":[{"href":"https:\/\/adiloglu.com.tr\/en\/wp-json\/wp\/v2\/posts\/4614","targetHints":{"allow":["GET"]}}],"collection":[{"href":"https:\/\/adiloglu.com.tr\/en\/wp-json\/wp\/v2\/posts"}],"about":[{"href":"https:\/\/adiloglu.com.tr\/en\/wp-json\/wp\/v2\/types\/post"}],"author":[{"embeddable":true,"href":"https:\/\/adiloglu.com.tr\/en\/wp-json\/wp\/v2\/users\/1"}],"replies":[{"embeddable":true,"href":"https:\/\/adiloglu.com.tr\/en\/wp-json\/wp\/v2\/comments?post=4614"}],"version-history":[{"count":1,"href":"https:\/\/adiloglu.com.tr\/en\/wp-json\/wp\/v2\/posts\/4614\/revisions"}],"predecessor-version":[{"id":4616,"href":"https:\/\/adiloglu.com.tr\/en\/wp-json\/wp\/v2\/posts\/4614\/revisions\/4616"}],"wp:featuredmedia":[{"embeddable":true,"href":"https:\/\/adiloglu.com.tr\/en\/wp-json\/wp\/v2\/media\/4615"}],"wp:attachment":[{"href":"https:\/\/adiloglu.com.tr\/en\/wp-json\/wp\/v2\/media?parent=4614"}],"wp:term":[{"taxonomy":"category","embeddable":true,"href":"https:\/\/adiloglu.com.tr\/en\/wp-json\/wp\/v2\/categories?post=4614"},{"taxonomy":"post_tag","embeddable":true,"href":"https:\/\/adiloglu.com.tr\/en\/wp-json\/wp\/v2\/tags?post=4614"}],"curies":[{"name":"wp","href":"https:\/\/api.w.org\/{rel}","templated":true}]}}