{"id":4903,"date":"2025-07-15T12:08:10","date_gmt":"2025-07-15T09:08:10","guid":{"rendered":"https:\/\/adiloglu.com.tr\/?p=4903"},"modified":"2025-07-15T12:15:57","modified_gmt":"2025-07-15T09:15:57","slug":"bursa-icin-vakit-daraliyor","status":"publish","type":"post","link":"https:\/\/adiloglu.com.tr\/en\/2025\/07\/15\/bursa-icin-vakit-daraliyor\/","title":{"rendered":"Time is running out for Bursa."},"content":{"rendered":"<p><a href=\"javascript:;\"><\/a><\/p>\n\n\n\n<div class=\"wp-block-columns is-layout-flex wp-container-core-columns-is-layout-9d6595d7 wp-block-columns-is-layout-flex\">\n<div class=\"wp-block-column is-layout-flow wp-block-column-is-layout-flow\" style=\"flex-basis:33.33%\">\n<figure class=\"wp-block-image size-full is-style-default\"><img loading=\"lazy\" decoding=\"async\" width=\"598\" height=\"1600\" src=\"https:\/\/adiloglu.com.tr\/wp-content\/uploads\/2025\/07\/WhatsApp-Gorsel-2025-07-15-saat-11.19.49_af8cb29a.jpg\" alt=\"\" class=\"wp-image-4906\" srcset=\"https:\/\/adiloglu.com.tr\/wp-content\/uploads\/2025\/07\/WhatsApp-Gorsel-2025-07-15-saat-11.19.49_af8cb29a.jpg 598w, https:\/\/adiloglu.com.tr\/wp-content\/uploads\/2025\/07\/WhatsApp-Gorsel-2025-07-15-saat-11.19.49_af8cb29a-150x400.jpg 150w, https:\/\/adiloglu.com.tr\/wp-content\/uploads\/2025\/07\/WhatsApp-Gorsel-2025-07-15-saat-11.19.49_af8cb29a-299x800.jpg 299w, https:\/\/adiloglu.com.tr\/wp-content\/uploads\/2025\/07\/WhatsApp-Gorsel-2025-07-15-saat-11.19.49_af8cb29a-574x1536.jpg 574w\" sizes=\"auto, (max-width: 598px) 100vw, 598px\" \/><\/figure>\n\n\n\n<p class=\"has-text-align-center\"><\/p>\n\n\n\n<p class=\"has-text-align-center\"><a href=\"\/en\/category\/kose-yazilari\/\" data-type=\"URL\" data-id=\"\/category\/kose-yazilari\">All Articles<\/a><\/p>\n\n\n\n<div class=\"wp-block-buttons is-layout-flex wp-block-buttons-is-layout-flex\">\n<div class=\"wp-block-button\"><a class=\"wp-block-button__link wp-element-button\" href=\"https:\/\/www.konutveyapi.com\/gelecegi-insa-eden-nesiller-yetistirmek-makale,810.html\" target=\"_blank\" rel=\"noreferrer noopener\">Column: KONUT &amp; YAPI<\/a><\/div>\n<\/div>\n<\/div>\n\n\n\n<div class=\"wp-block-column is-layout-flow wp-block-column-is-layout-flow\" style=\"flex-basis:66.66%\">\n<p>Takvim yapraklar\u0131 her koptu\u011funda, Bursa\u2019n\u0131n alt\u0131ndan ge\u00e7en fay hatlar\u0131n\u0131n sessiz bekleyi\u015fi de bir g\u00fcn daha ya\u015flan\u0131yor. \u015eehrin tarihi dokusu, ye\u015fili ve sanayisiyle gurur duyarken, \u00e7o\u011fu zaman g\u00f6rmezden geldi\u011fimiz bir ger\u00e7ekle y\u00fczle\u015fmek zorunday\u0131z: Deprem riski ta\u015f\u0131yan binalarda oturan on binlerce insan\u0131m\u0131z\u0131n endi\u015fesi. Ge\u00e7mi\u015fte ya\u015fad\u0131\u011f\u0131m\u0131z b\u00fcy\u00fck depremlerin a\u00e7t\u0131\u011f\u0131 yaralar hala haf\u0131zalar\u0131m\u0131zda taptaze. Peki, bizler Bursa olarak olas\u0131 bir sars\u0131nt\u0131ya ne kadar haz\u0131r\u0131z?<\/p>\n\n\n\n<p>Kentsel d\u00f6n\u00fc\u015f\u00fcm, y\u0131llard\u0131r dilimizden d\u00fc\u015f\u00fcrmedi\u011fimiz sihirli bir kelime. Ancak bu sihrin ger\u00e7e\u011fe d\u00f6n\u00fc\u015fmesi, g\u00fcn\u00fcm\u00fcz ekonomik ko\u015fullar\u0131nda pek \u00e7ok vatanda\u015f\u0131m\u0131z i\u00e7in adeta imkans\u0131z bir hayal. Artan in\u015faat maliyetleri, birikimlerin erimesi ve belirsizlikler, riskli oldu\u011funu bile bile evinde oturmaya devam eden ailelerin say\u0131s\u0131n\u0131 art\u0131r\u0131yor. Herkes can\u0131n\u0131n ve sevdiklerinin g\u00fcvende olmas\u0131n\u0131 ister, ancak bu g\u00fcvenli\u011fin bedelini tek ba\u015f\u0131na kar\u015f\u0131lamak, pek \u00e7ok ki\u015fi i\u00e7in alt\u0131ndan kalk\u0131lamayacak bir y\u00fck haline gelmi\u015f durumda.<\/p>\n\n\n\n<p>Bu noktada, \u0130stanbul\u2019da ba\u015far\u0131yla uygulanan bir model, Bursa i\u00e7in de umut \u0131\u015f\u0131\u011f\u0131 olabilir: \u201cYar\u0131s\u0131 Bizden Kampanyas\u0131.\u201d Devletin, riskli yap\u0131s\u0131n\u0131 d\u00f6n\u00fc\u015ft\u00fcrmek isteyen vatanda\u015f\u0131na maliyetin yar\u0131s\u0131n\u0131 kar\u015f\u0131layarak adeta bir can suyu oldu\u011fu bu kampanya, \u0130stanbul\u2019da d\u00f6n\u00fc\u015f\u00fcm s\u00fcrecine muazzam bir ivme kazand\u0131rd\u0131. Vatanda\u015f\u0131n tek ba\u015f\u0131na ta\u015f\u0131yamad\u0131\u011f\u0131 y\u00fck\u00fcn alt\u0131na devletin de elini koymas\u0131, binlerce ailenin g\u00fcvenli ve modern konutlara kavu\u015fmas\u0131n\u0131n \u00f6n\u00fcn\u00fc a\u00e7t\u0131.<\/p>\n\n\n\n<p>\u015eimdi sorulmas\u0131 gereken soru \u00e7ok basit: Deprem riski sadece \u0130stanbul\u2019a m\u0131 \u00f6zg\u00fc? Elbette hay\u0131r. Bursa da t\u0131pk\u0131 \u0130stanbul gibi, her an harekete ge\u00e7ebilecek fay hatlar\u0131n\u0131n \u00fczerinde ya\u015f\u0131yor. Madem ortada ba\u015far\u0131l\u0131 ve halk taraf\u0131ndan benimsenmi\u015f bir \u00e7\u00f6z\u00fcm modeli var, bu \u00e7\u00f6z\u00fcm neden Bursa\u2019dan esirgensin? Vatanda\u015flar\u0131m\u0131z\u0131n can g\u00fcvenli\u011fi, \u015fehirlerin \u00f6ncelik s\u0131ralamas\u0131na g\u00f6re de\u011ferlendirilmemeli.<\/p>\n\n\n\n<p>\u2018Yar\u0131s\u0131 Bizden Kampanyas\u0131\u2019n\u0131n bir an \u00f6nce Bursa\u2019da da ba\u015flat\u0131lmas\u0131, sadece binalar\u0131 de\u011fil, endi\u015feli kalpleri de ferahlatacakt\u0131r. Bu ad\u0131m, on binlerce Bursal\u0131n\u0131n gece yast\u0131\u011fa ba\u015f\u0131n\u0131 daha huzurlu koymas\u0131n\u0131 sa\u011flayacak ve \u015fehrimizin gelece\u011fine yap\u0131lm\u0131\u015f en b\u00fcy\u00fck yat\u0131r\u0131m olacakt\u0131r. Unutmayal\u0131m ki, deprem de\u011fil, g\u00fcvensiz yap\u0131lar \u00f6ld\u00fcr\u00fcr. Bursa i\u00e7in daha fazla bekleyecek vaktimiz yok. Gelin bu y\u00fck\u00fc devlet millet el ele birlikte omuzlayal\u0131m.<\/p>\n<\/div>\n<\/div>","protected":false},"excerpt":{"rendered":"<p>T\u00fcm Makaleleri Takvim yapraklar\u0131 her koptu\u011funda, Bursa\u2019n\u0131n alt\u0131ndan ge\u00e7en fay hatlar\u0131n\u0131n sessiz bekleyi\u015fi de bir g\u00fcn daha ya\u015flan\u0131yor. \u015eehrin tarihi dokusu, ye\u015fili ve sanayisiyle gurur duyarken, \u00e7o\u011fu zaman g\u00f6rmezden geldi\u011fimiz bir ger\u00e7ekle y\u00fczle\u015fmek zorunday\u0131z: Deprem riski ta\u015f\u0131yan binalarda oturan on binlerce insan\u0131m\u0131z\u0131n endi\u015fesi. Ge\u00e7mi\u015fte ya\u015fad\u0131\u011f\u0131m\u0131z b\u00fcy\u00fck depremlerin a\u00e7t\u0131\u011f\u0131 yaralar hala haf\u0131zalar\u0131m\u0131zda taptaze. Peki, bizler Bursa [&#8230;]","protected":false},"author":1,"featured_media":4911,"comment_status":"closed","ping_status":"closed","sticky":false,"template":"","format":"standard","meta":{"footnotes":""},"categories":[77,78],"tags":[76,79],"class_list":["post-4903","post","type-post","status-publish","format-standard","has-post-thumbnail","hentry","category-insaat","category-kose-yazilari","tag-konut-ve-yapi","tag-muhammet-adiloglu"],"_links":{"self":[{"href":"https:\/\/adiloglu.com.tr\/en\/wp-json\/wp\/v2\/posts\/4903","targetHints":{"allow":["GET"]}}],"collection":[{"href":"https:\/\/adiloglu.com.tr\/en\/wp-json\/wp\/v2\/posts"}],"about":[{"href":"https:\/\/adiloglu.com.tr\/en\/wp-json\/wp\/v2\/types\/post"}],"author":[{"embeddable":true,"href":"https:\/\/adiloglu.com.tr\/en\/wp-json\/wp\/v2\/users\/1"}],"replies":[{"embeddable":true,"href":"https:\/\/adiloglu.com.tr\/en\/wp-json\/wp\/v2\/comments?post=4903"}],"version-history":[{"count":3,"href":"https:\/\/adiloglu.com.tr\/en\/wp-json\/wp\/v2\/posts\/4903\/revisions"}],"predecessor-version":[{"id":4907,"href":"https:\/\/adiloglu.com.tr\/en\/wp-json\/wp\/v2\/posts\/4903\/revisions\/4907"}],"wp:featuredmedia":[{"embeddable":true,"href":"https:\/\/adiloglu.com.tr\/en\/wp-json\/wp\/v2\/media\/4911"}],"wp:attachment":[{"href":"https:\/\/adiloglu.com.tr\/en\/wp-json\/wp\/v2\/media?parent=4903"}],"wp:term":[{"taxonomy":"category","embeddable":true,"href":"https:\/\/adiloglu.com.tr\/en\/wp-json\/wp\/v2\/categories?post=4903"},{"taxonomy":"post_tag","embeddable":true,"href":"https:\/\/adiloglu.com.tr\/en\/wp-json\/wp\/v2\/tags?post=4903"}],"curies":[{"name":"wp","href":"https:\/\/api.w.org\/{rel}","templated":true}]}}